{"id":174,"date":"2023-03-03T15:02:55","date_gmt":"2023-03-03T14:02:55","guid":{"rendered":"https:\/\/econmicroscope.com\/pl\/?p=174"},"modified":"2023-03-03T20:35:08","modified_gmt":"2023-03-03T19:35:08","slug":"fragment-rodzialu-wakarowska-szkola-ekonomii-z-ksiazki-janusz-gedymin-zielinski-1931-1979-portret-ekonomisty","status":"publish","type":"post","link":"https:\/\/econmicroscope.com\/pl\/fragment-rodzialu-wakarowska-szkola-ekonomii-z-ksiazki-janusz-gedymin-zielinski-1931-1979-portret-ekonomisty\/","title":{"rendered":"Fragment rodzia\u0142u  Wakarowska szko\u0142a ekonomii (z ksi\u0105\u017cki Janusz Gedymin Zieli\u0144ski 1931-1979. Portret ekonomisty)"},"content":{"rendered":"<p style=\"text-align: justify;\">Je\u017celi za szko\u0142\u0119 naukowego my\u015blenia uznaje si\u0119 kr\u0105g badaczy, kt\u00f3rzy \u2013 pocz\u0105tkowo skupieni wok\u00f3\u0142 jej mistrza i za\u0142o\u017cyciela \u2013 wyznaj\u0105 i rozwijaj\u0105 pewien wsp\u00f3lny pogl\u0105d naukowy, to w polskiej ekonomii szko\u0142\u0119 tak\u0105 stworzy\u0142 Aleksy Wakar. Do dzisiaj szko\u0142a ta, kt\u00f3r\u0105 nazwano wakarowsk\u0105, w ekonomii pozostaje jedyna. \u017badna inna grupa badaczy szko\u0142y nie stworzy\u0142a.<\/p>\n<p style=\"text-align: justify;\">Szko\u0142a wakarowska zacz\u0119\u0142a si\u0119 kszta\u0142towa\u0107 w latach 30. XX wieku, a jej rozkwit nast\u0105pi\u0142 w latach 50. i 60. Mimo radykalnej zmiany w tym czasie polskiego ustroju politycznego oraz w \u015blad za tym systemu gospodarczego w szkole tej wyst\u0119powa\u0142o mocne przywi\u0105zanie do teorii ekonomicznych, kt\u00f3re \u2013 chocia\u017c powsta\u0142y w krajach o systemie gospodarczym odmiennym od polskiego \u2013 uznano za poprawne i, modyfikuj\u0105c je, zaadaptowano na potrzeby opisu polskiej gospodarki.<\/p>\n<p style=\"text-align: justify;\">W tym opracowaniu przedstawiono zasady wakarowskiej szko\u0142y ekonomii. W szerokim zakresie zosta\u0142 wykorzystany tekst napisany przez autora opracowania wsp\u00f3lnie z Eliz\u0105 Ostropolsk\u0105-Kubik, zatytu\u0142owany Ekonomia polityczna, ekonomia i polityka gospodarcza, kt\u00f3ry zosta\u0142 zamieszczony w ksi\u0105\u017cce Wk\u0142ad Szko\u0142y G\u0142\u00f3wnej Handlowej w Warszawie w rozw\u00f3j my\u015bli ekonomicznej, wydanej w 2015 roku w ramach obchod\u00f3w 110-lecia istnienia Szko\u0142y G\u0142\u00f3wnej Handlowej (SGH) jako o\u015brodka akademickiego (Bartkowiak, 2015; Bartkowiak, Ostropolska-Kubik, 2015).<\/p>\n<p style=\"text-align: justify;\">Opracowanie sk\u0142ada si\u0119 z dw\u00f3ch cz\u0119\u015bci. W pierwszej nakre\u015blono rozw\u00f3j ekonomii w Szkole G\u0142\u00f3wnej Handlowej w Warszawie, kt\u00f3ra od momentu narodzin pozostaje czo\u0142owym polskim o\u015brodkiem badawczym i akademickim w zakresie nauk ekonomicznych. Celem tej cz\u0119\u015bci jest pokazanie uzale\u017cnienia tworzenia ekonomii jako nauki spo\u0142ecznej od sytuacji politycznej kraju. Pojawia si\u0119 pytanie, czy w Polsce, w kt\u00f3rej nie spos\u00f3b w okresie od 1906 roku \u2013 roku narodzin SGH \u2013 wykaza\u0107 ci\u0105g\u0142o\u015bci politycznej, mog\u0142a wyst\u0119powa\u0107 ci\u0105g\u0142o\u015b\u0107 w tworzeniu wiedzy naukowej. Oka\u017ce si\u0119, \u017ce jednak by\u0142o to mo\u017cliwe.<\/p>\n<p style=\"text-align: justify;\">Polska ekonomia, do lat 90. XX wieku konsekwentnie nazywana ekonomi\u0105 polityczn\u0105, mia\u0142a charakter normatywny. Jej autorzy formu\u0142owali og\u00f3lne wskazania odnosz\u0105ce si\u0119 do prowadzenia polityki gospodarczej w ramach aktualnego ustroju politycznego i systemu gospodarczego, a niekt\u00f3rzy z nich pisali oddzielne opracowania dotycz\u0105ce wy\u0142\u0105cznie polityki gospodarczej. W ten spos\u00f3b \u201ejednocze\u015bnie z ekonomi\u0105 (&#8230;) kszta\u0142towa\u0142a si\u0119 teoria polityki gospodarczej\u201d (Bartkowiak, Ostropolska-Kubik, 2015, s. 148).<\/p>\n<p style=\"text-align: justify;\">W cz\u0119\u015bci drugiej opracowania przedstawiono g\u0142\u00f3wne cechy wakarowskiej szko\u0142y ekonomii wraz z podkre\u015bleniem jej szczeg\u00f3lnego (unikatowego) charakteru jako szko\u0142y czysto polskiego sposobu rozumowania ekonomicznego, kt\u00f3ry w czasie jej istnienia zapewne nie mia\u0142 odpowiednik\u00f3w w innych krajach o takim samym ustroju politycznym, jaki by\u0142 w Polsce.<\/p>\n<p style=\"text-align: justify;\">Szko\u0142a G\u0142\u00f3wna Handlowa w Warszawie jest pierwszym uniwersytetem ekonomicznym, jaki powsta\u0142 na ziemiach polskich. Od momentu za\u0142o\u017cenia sta\u0142a si\u0119 ona wa\u017cnym o\u015brodkiem naukowym, w kt\u00f3rego dorobku wyra\u017anie odzwierciedlaj\u0105 si\u0119 zar\u00f3wno g\u0142\u00f3wne zagadnienia podejmowane przez polskich badaczy, jak i uzale\u017cnienie tych zagadnie\u0144 od aktualnie panuj\u0105cego ustroju politycznego. Mimo tego uzale\u017cnienia pewna grupa badaczy wymknie si\u0119 spod uwarunkowa\u0144 schematu tworzenia ekonomii i \u2013 wbrew nieci\u0105g\u0142o\u015bci politycznej dziej\u00f3w Polski oraz nieci\u0105g\u0142o\u015bci rozwoju nauk spo\u0142ecznych \u2013 na gruncie ekonomii wyka\u017ce si\u0119 podziwu godn\u0105 sta\u0142o\u015bci\u0105 my\u015blenia. Badacze ci b\u0119d\u0105 nale\u017ce\u0107 do wakarowskiej szko\u0142y ekonomii.<\/p>\n<p style=\"text-align: justify;\">W krajach takich jak Wielka Brytania, Szwecja, Szwajcaria czy Stany Zjednoczone teorie ekonomiczne pojawia\u0142y si\u0119 wraz ze zmianami dokonuj\u0105cymi si\u0119 wy\u0142\u0105cznie w procesach gospodarczych. Wszystkie odnosi\u0142y si\u0119 do jednej formy gospodarowania, kt\u00f3r\u0105 mo\u017cna nazwa\u0107 gospodark\u0105 rynkow\u0105 w wi\u0119kszym lub mniejszym stopniu regulowan\u0105 przez w\u0142adze publiczne.<\/p>\n<p style=\"text-align: justify;\">W Polsce ten spos\u00f3b tworzenia ekonomii nie wyst\u0119powa\u0142. Dlatego wa\u017cne jest dokonanie w\u0142a\u015bciwej periodyzacji polskich dziej\u00f3w politycznych i gospodarczych, tak aby mo\u017cna by\u0142o stworzy\u0107 w\u0142a\u015bciwe ramy dla zrozumienia sposobu tworzenia wiedzy ekonomicznej. Na potrzeby tego opracowania rozw\u00f3j ekonomii w Szkole G\u0142\u00f3wnej Handlowej zosta\u0142 podzielony na trzy okresy, a w jednym z nich zosta\u0142 wyr\u00f3\u017cniony podokres.<\/p>\n<p style=\"text-align: justify;\">Odr\u0119bnymi okresami tworzenia ekonomii w Szkole G\u0142\u00f3wnej Handlowej, a zapewne tak\u017ce w innych polskich o\u015brodkach akademickich, s\u0105 okresy:<br \/>\n1906\u20131949,<br \/>\n1949\u20131989 z podokresem 1969\u20131989,<br \/>\nod 1990 roku.<\/p>\n<p style=\"text-align: justify;\">Przy za\u0142o\u017ceniu, \u017ce ekonomia jest nauk\u0105 u\u017cyteczn\u0105 dla praktyki gospodarczej, w ka\u017cdym okresie wyr\u00f3\u017cniono \u201eodniesienia dla nauki SGH\u201d, podzielone na \u201eprzeznaczenie nauki\u201d oraz \u201euznane teorie\u201d. Pod poj\u0119ciem \u201eprzeznaczenie nauki\u201d rozumie si\u0119 szeroko uj\u0119te zapotrzebowanie ze strony aktualnie prowadzonej polityki gospodarczej, natomiast pod poj\u0119ciem \u201euznane teorie\u201d s\u0105 te teorie ekonomiczne, kt\u00f3re zosta\u0142y uznane za poprawnie opisuj\u0105ce polskie realia gospodarcze oraz mog\u0105ce by\u0107 podstaw\u0105 dla teorii polityki gospodarczej(\u2026)<\/p>\n<p style=\"text-align: justify;\">W okresie1906\u20131949 ustr\u00f3j polityczny Polski kilkakrotnie si\u0119 zmieni\u0142: Polska przesz\u0142a od braku niepodleg\u0142o\u015bci podczas pierwszej wojny \u015bwiatowej przez odrodzenie pa\u0144stwa po tej wojnie, okupacj\u0119 niemieck\u0105 podczas drugiej wojny \u015bwiatowej do powojennej odbudowy. Pomijaj\u0105c czasy wojenne, podczas kt\u00f3rych gospodarowanie typowe dla czas\u00f3w pokoju nie by\u0142o mo\u017cliwe, w Polsce by\u0142a w tym czasie regulowana gospodarka rynkowa.<\/p>\n<p style=\"text-align: justify;\">Nie mo\u017ce dziwi\u0107, \u017ce regulacji dzia\u0142alno\u015bci gospodarczej, w tym planowaniu o zakresie makroekonomicznym, przypisywano du\u017ce znaczenie. Chodzi\u0142o zar\u00f3wno o odbudow\u0119 po dzia\u0142aniach wojennych, jak i scalenie gospodarki, kt\u00f3ra do tego czasu by\u0142a poddana odmiennym re\u017cimom trzech imperialnych zaborc\u00f3w b\u0105d\u017a dostosowywa\u0142a si\u0119 do zmienionych granic pa\u0144stwowych (Bartkowiak, Ostropolska-Kubik, 2015, s. 156).<\/p>\n<p style=\"text-align: justify;\">W 1949 roku nast\u0105pi\u0142a zasadnicza zmiana polityczna, a w jej nast\u0119pstwie zmieni\u0142y si\u0119 warunki, w kt\u00f3rych by\u0142a tworzona my\u015bl ekonomiczna. W okresie 1949\u20131989 wyst\u0119powa\u0142a gospodarka socjalistyczna o silnym stopniu regulacji przez w\u0142adze publiczne (pa\u0144stwowe). W rzeczywisto\u015bci by\u0142 to okres przej\u015bciowy od kapitalizmu do socjalizmu z zachowaniem element\u00f3w (nielicznych i o podrz\u0119dnym znaczeniu) w\u0142asno\u015bci prywatnej. Zamiarem by\u0142a likwidacja tej w\u0142asno\u015bci w celu zbudowania spo\u0142ecze\u0144stwa bezklasowego (bez w\u0142asno\u015bci prywatnej) i osi\u0105gni\u0119cia najwy\u017cszej formy ustrojowej (komunizmu).<\/p>\n<p style=\"text-align: justify;\">W okresie 1949\u20131989 wyst\u0105pi\u0142y trzy istotne zdarzenia polityczne \u2013 w latach 1956, 1968 i 1980. Zosta\u0142y one pomini\u0119te. Niezb\u0119dne jednak by\u0142o wyodr\u0119bnienie podokresu 1969\u20131989, w kt\u00f3rym zacz\u0119\u0142a si\u0119 kszta\u0142towa\u0107 nowa my\u015bl ekonomiczna, tworz\u0105ca naukow\u0105 podstaw\u0119 transformacji (reformy) gospodarczej roku 1990, chocia\u017c pierwotnie celem by\u0142o jedynie usprawnienie dzia\u0142ania istniej\u0105cej gospodarki socjalistycznej pod has\u0142em \u201ewi\u0119cej rynku\u201d.<\/p>\n<p style=\"text-align: justify;\">Zasadnicze zmiany rozpocz\u0119\u0142y si\u0119 w 1990 roku wraz z gruntown\u0105 transformacj\u0105 (reform\u0105) gospodarcz\u0105, kt\u00f3rej wynikiem by\u0142o odtworzenie w Polsce gospodarki rynkowej (spo\u0142ecznej zgodnie z zapisem z Konstytucji RP, a regulowanej w j\u0119zyku ekonomii). Od tego czasu nowa polska my\u015bl ekonomiczna nabiera charakteru odmiennego w stosunku do przesz\u0142o\u015bci. Trzeba jednak przy tym zauwa\u017cy\u0107, \u017ce jej zwiastuny pojawia\u0142y si\u0119 od 1969 roku w ramach szko\u0142y wakarowskiej, kt\u00f3rej przedstawiciele oferowali nadzwyczajnie w\u0142a\u015bciwe rekomendacje na potrzeby prowadzenia polityki gospodarczej. M\u00f3wi\u0105c wprost, o dwadzie\u015bcia lat wyprzedzili oni czasy, kt\u00f3re nieuchronnie nadesz\u0142y.<\/p>\n","protected":false},"excerpt":{"rendered":"<p>Je\u017celi za szko\u0142\u0119 naukowego my\u015blenia uznaje si\u0119 kr\u0105g badaczy, kt\u00f3rzy \u2013 pocz\u0105tkowo skupieni wok\u00f3\u0142 jej mistrza i za\u0142o\u017cyciela \u2013 wyznaj\u0105 i rozwijaj\u0105 pewien wsp\u00f3lny pogl\u0105d naukowy, to w polskiej ekonomii szko\u0142\u0119 tak\u0105 stworzy\u0142 Aleksy Wakar. Do dzisiaj szko\u0142a ta, kt\u00f3r\u0105 nazwano wakarowsk\u0105, w ekonomii pozostaje jedyna. \u017badna inna grupa badaczy szko\u0142y nie stworzy\u0142a. Szko\u0142a wakarowska&#8230;<\/p>\n","protected":false},"author":8,"featured_media":0,"comment_status":"open","ping_status":"open","sticky":false,"template":"","format":"standard","meta":{"footnotes":""},"categories":[23],"tags":[],"class_list":["post-174","post","type-post","status-publish","format-standard","hentry","category-bez-kategorii-pl"],"yoast_head":"<!-- This site is optimized with the Yoast SEO plugin v28.4 - https:\/\/yoast.com\/product\/yoast-seo-wordpress\/ -->\n<title>Fragment rodzia\u0142u Wakarowska szko\u0142a ekonomii (z ksi\u0105\u017cki Janusz Gedymin Zieli\u0144ski 1931-1979. Portret ekonomisty) - \u015awiat pod lup\u0105 ekonomii<\/title>\n<meta name=\"description\" content=\"J. G. Zieli\u0144ski nale\u017ca\u0142 do wakarowskiej szko\u0142y ekonomii, jedynego polskiego nurtu ekonomicznego, kt\u00f3ry ukaza\u0142 wady centralnego planowania.\" \/>\n<meta name=\"robots\" content=\"index, follow, max-snippet:-1, max-image-preview:large, max-video-preview:-1\" \/>\n<link rel=\"canonical\" href=\"https:\/\/econmicroscope.com\/pl\/fragment-rodzialu-wakarowska-szkola-ekonomii-z-ksiazki-janusz-gedymin-zielinski-1931-1979-portret-ekonomisty\/\" \/>\n<meta property=\"og:locale\" content=\"pl_PL\" \/>\n<meta property=\"og:type\" content=\"article\" \/>\n<meta property=\"og:title\" content=\"Fragment rodzia\u0142u Wakarowska szko\u0142a ekonomii (z ksi\u0105\u017cki Janusz Gedymin Zieli\u0144ski 1931-1979. Portret ekonomisty) - \u015awiat pod lup\u0105 ekonomii\" \/>\n<meta property=\"og:description\" content=\"J. G. Zieli\u0144ski nale\u017ca\u0142 do wakarowskiej szko\u0142y ekonomii, jedynego polskiego nurtu ekonomicznego, kt\u00f3ry ukaza\u0142 wady centralnego planowania.\" \/>\n<meta property=\"og:url\" content=\"https:\/\/econmicroscope.com\/pl\/fragment-rodzialu-wakarowska-szkola-ekonomii-z-ksiazki-janusz-gedymin-zielinski-1931-1979-portret-ekonomisty\/\" \/>\n<meta property=\"og:site_name\" content=\"\u015awiat pod lup\u0105 ekonomii\" \/>\n<meta property=\"article:published_time\" content=\"2023-03-03T14:02:55+00:00\" \/>\n<meta property=\"article:modified_time\" content=\"2023-03-03T19:35:08+00:00\" \/>\n<meta name=\"author\" content=\"Ryszard Bartkowiak\" \/>\n<meta name=\"twitter:card\" content=\"summary_large_image\" \/>\n<meta name=\"twitter:label1\" content=\"Napisane przez\" \/>\n\t<meta name=\"twitter:data1\" content=\"Ryszard Bartkowiak\" \/>\n\t<meta name=\"twitter:label2\" content=\"Szacowany czas czytania\" \/>\n\t<meta name=\"twitter:data2\" content=\"6 minut\" \/>\n<script type=\"application\/ld+json\" class=\"yoast-schema-graph\">{\"@context\":\"https:\\\/\\\/schema.org\",\"@graph\":[{\"@type\":\"Article\",\"@id\":\"https:\\\/\\\/econmicroscope.com\\\/pl\\\/fragment-rodzialu-wakarowska-szkola-ekonomii-z-ksiazki-janusz-gedymin-zielinski-1931-1979-portret-ekonomisty\\\/#article\",\"isPartOf\":{\"@id\":\"https:\\\/\\\/econmicroscope.com\\\/pl\\\/fragment-rodzialu-wakarowska-szkola-ekonomii-z-ksiazki-janusz-gedymin-zielinski-1931-1979-portret-ekonomisty\\\/\"},\"author\":{\"name\":\"Ryszard Bartkowiak\",\"@id\":\"https:\\\/\\\/econmicroscope.com\\\/#\\\/schema\\\/person\\\/99a82271a9f08b78de911b1754f5b640\"},\"headline\":\"Fragment rodzia\u0142u Wakarowska szko\u0142a ekonomii (z ksi\u0105\u017cki Janusz Gedymin Zieli\u0144ski 1931-1979. Portret ekonomisty)\",\"datePublished\":\"2023-03-03T14:02:55+00:00\",\"dateModified\":\"2023-03-03T19:35:08+00:00\",\"mainEntityOfPage\":{\"@id\":\"https:\\\/\\\/econmicroscope.com\\\/pl\\\/fragment-rodzialu-wakarowska-szkola-ekonomii-z-ksiazki-janusz-gedymin-zielinski-1931-1979-portret-ekonomisty\\\/\"},\"wordCount\":1191,\"commentCount\":0,\"publisher\":{\"@id\":\"https:\\\/\\\/econmicroscope.com\\\/#organization\"},\"inLanguage\":\"pl-PL\",\"potentialAction\":[{\"@type\":\"CommentAction\",\"name\":\"Comment\",\"target\":[\"https:\\\/\\\/econmicroscope.com\\\/pl\\\/fragment-rodzialu-wakarowska-szkola-ekonomii-z-ksiazki-janusz-gedymin-zielinski-1931-1979-portret-ekonomisty\\\/#respond\"]}]},{\"@type\":\"WebPage\",\"@id\":\"https:\\\/\\\/econmicroscope.com\\\/pl\\\/fragment-rodzialu-wakarowska-szkola-ekonomii-z-ksiazki-janusz-gedymin-zielinski-1931-1979-portret-ekonomisty\\\/\",\"url\":\"https:\\\/\\\/econmicroscope.com\\\/pl\\\/fragment-rodzialu-wakarowska-szkola-ekonomii-z-ksiazki-janusz-gedymin-zielinski-1931-1979-portret-ekonomisty\\\/\",\"name\":\"Fragment rodzia\u0142u Wakarowska szko\u0142a ekonomii (z ksi\u0105\u017cki Janusz Gedymin Zieli\u0144ski 1931-1979. Portret ekonomisty) - \u015awiat pod lup\u0105 ekonomii\",\"isPartOf\":{\"@id\":\"https:\\\/\\\/econmicroscope.com\\\/#website\"},\"datePublished\":\"2023-03-03T14:02:55+00:00\",\"dateModified\":\"2023-03-03T19:35:08+00:00\",\"description\":\"J. G. Zieli\u0144ski nale\u017ca\u0142 do wakarowskiej szko\u0142y ekonomii, jedynego polskiego nurtu ekonomicznego, kt\u00f3ry ukaza\u0142 wady centralnego planowania.\",\"breadcrumb\":{\"@id\":\"https:\\\/\\\/econmicroscope.com\\\/pl\\\/fragment-rodzialu-wakarowska-szkola-ekonomii-z-ksiazki-janusz-gedymin-zielinski-1931-1979-portret-ekonomisty\\\/#breadcrumb\"},\"inLanguage\":\"pl-PL\",\"potentialAction\":[{\"@type\":\"ReadAction\",\"target\":[\"https:\\\/\\\/econmicroscope.com\\\/pl\\\/fragment-rodzialu-wakarowska-szkola-ekonomii-z-ksiazki-janusz-gedymin-zielinski-1931-1979-portret-ekonomisty\\\/\"]}]},{\"@type\":\"BreadcrumbList\",\"@id\":\"https:\\\/\\\/econmicroscope.com\\\/pl\\\/fragment-rodzialu-wakarowska-szkola-ekonomii-z-ksiazki-janusz-gedymin-zielinski-1931-1979-portret-ekonomisty\\\/#breadcrumb\",\"itemListElement\":[{\"@type\":\"ListItem\",\"position\":1,\"name\":\"Strona g\u0142\u00f3wna\",\"item\":\"https:\\\/\\\/econmicroscope.com\\\/pl\\\/\"},{\"@type\":\"ListItem\",\"position\":2,\"name\":\"Fragment rodzia\u0142u Wakarowska szko\u0142a ekonomii (z ksi\u0105\u017cki Janusz Gedymin Zieli\u0144ski 1931-1979. Portret ekonomisty)\"}]},{\"@type\":\"WebSite\",\"@id\":\"https:\\\/\\\/econmicroscope.com\\\/#website\",\"url\":\"https:\\\/\\\/econmicroscope.com\\\/\",\"name\":\"\u015awiat pod lup\u0105 ekonomii\",\"description\":\"\",\"publisher\":{\"@id\":\"https:\\\/\\\/econmicroscope.com\\\/#organization\"},\"potentialAction\":[{\"@type\":\"SearchAction\",\"target\":{\"@type\":\"EntryPoint\",\"urlTemplate\":\"https:\\\/\\\/econmicroscope.com\\\/?s={search_term_string}\"},\"query-input\":{\"@type\":\"PropertyValueSpecification\",\"valueRequired\":true,\"valueName\":\"search_term_string\"}}],\"inLanguage\":\"pl-PL\"},{\"@type\":\"Organization\",\"@id\":\"https:\\\/\\\/econmicroscope.com\\\/#organization\",\"name\":\"\u015awiat pod lup\u0105 ekonomii\",\"url\":\"https:\\\/\\\/econmicroscope.com\\\/\",\"logo\":{\"@type\":\"ImageObject\",\"inLanguage\":\"pl-PL\",\"@id\":\"https:\\\/\\\/econmicroscope.com\\\/#\\\/schema\\\/logo\\\/image\\\/\",\"url\":\"https:\\\/\\\/econmicroscope.com\\\/pl\\\/wp-content\\\/uploads\\\/2023\\\/03\\\/cropped-ECONMICROSCOPE-RGB-POZIOM-MONO-KONTRA-BORDO-scaled-1.jpg\",\"contentUrl\":\"https:\\\/\\\/econmicroscope.com\\\/pl\\\/wp-content\\\/uploads\\\/2023\\\/03\\\/cropped-ECONMICROSCOPE-RGB-POZIOM-MONO-KONTRA-BORDO-scaled-1.jpg\",\"width\":2560,\"height\":925,\"caption\":\"\u015awiat pod lup\u0105 ekonomii\"},\"image\":{\"@id\":\"https:\\\/\\\/econmicroscope.com\\\/#\\\/schema\\\/logo\\\/image\\\/\"}},{\"@type\":\"Person\",\"@id\":\"https:\\\/\\\/econmicroscope.com\\\/#\\\/schema\\\/person\\\/99a82271a9f08b78de911b1754f5b640\",\"name\":\"Ryszard Bartkowiak\",\"image\":{\"@type\":\"ImageObject\",\"inLanguage\":\"pl-PL\",\"@id\":\"https:\\\/\\\/econmicroscope.com\\\/pl\\\/wp-content\\\/wphb-cache\\\/gravatar\\\/f91\\\/f917f955e5f671d2e0efbc47db46ed39x96.jpg\",\"url\":\"https:\\\/\\\/econmicroscope.com\\\/pl\\\/wp-content\\\/wphb-cache\\\/gravatar\\\/f91\\\/f917f955e5f671d2e0efbc47db46ed39x96.jpg\",\"contentUrl\":\"https:\\\/\\\/econmicroscope.com\\\/pl\\\/wp-content\\\/wphb-cache\\\/gravatar\\\/f91\\\/f917f955e5f671d2e0efbc47db46ed39x96.jpg\",\"caption\":\"Ryszard Bartkowiak\"},\"url\":\"https:\\\/\\\/econmicroscope.com\\\/pl\\\/author\\\/ryszard-bartkowiak\\\/\"}]}<\/script>\n<!-- \/ Yoast SEO plugin. -->","yoast_head_json":{"title":"Fragment rodzia\u0142u Wakarowska szko\u0142a ekonomii (z ksi\u0105\u017cki Janusz Gedymin Zieli\u0144ski 1931-1979. Portret ekonomisty) - \u015awiat pod lup\u0105 ekonomii","description":"J. G. Zieli\u0144ski nale\u017ca\u0142 do wakarowskiej szko\u0142y ekonomii, jedynego polskiego nurtu ekonomicznego, kt\u00f3ry ukaza\u0142 wady centralnego planowania.","robots":{"index":"index","follow":"follow","max-snippet":"max-snippet:-1","max-image-preview":"max-image-preview:large","max-video-preview":"max-video-preview:-1"},"canonical":"https:\/\/econmicroscope.com\/pl\/fragment-rodzialu-wakarowska-szkola-ekonomii-z-ksiazki-janusz-gedymin-zielinski-1931-1979-portret-ekonomisty\/","og_locale":"pl_PL","og_type":"article","og_title":"Fragment rodzia\u0142u Wakarowska szko\u0142a ekonomii (z ksi\u0105\u017cki Janusz Gedymin Zieli\u0144ski 1931-1979. Portret ekonomisty) - \u015awiat pod lup\u0105 ekonomii","og_description":"J. G. Zieli\u0144ski nale\u017ca\u0142 do wakarowskiej szko\u0142y ekonomii, jedynego polskiego nurtu ekonomicznego, kt\u00f3ry ukaza\u0142 wady centralnego planowania.","og_url":"https:\/\/econmicroscope.com\/pl\/fragment-rodzialu-wakarowska-szkola-ekonomii-z-ksiazki-janusz-gedymin-zielinski-1931-1979-portret-ekonomisty\/","og_site_name":"\u015awiat pod lup\u0105 ekonomii","article_published_time":"2023-03-03T14:02:55+00:00","article_modified_time":"2023-03-03T19:35:08+00:00","author":"Ryszard Bartkowiak","twitter_card":"summary_large_image","twitter_misc":{"Napisane przez":"Ryszard Bartkowiak","Szacowany czas czytania":"6 minut"},"schema":{"@context":"https:\/\/schema.org","@graph":[{"@type":"Article","@id":"https:\/\/econmicroscope.com\/pl\/fragment-rodzialu-wakarowska-szkola-ekonomii-z-ksiazki-janusz-gedymin-zielinski-1931-1979-portret-ekonomisty\/#article","isPartOf":{"@id":"https:\/\/econmicroscope.com\/pl\/fragment-rodzialu-wakarowska-szkola-ekonomii-z-ksiazki-janusz-gedymin-zielinski-1931-1979-portret-ekonomisty\/"},"author":{"name":"Ryszard Bartkowiak","@id":"https:\/\/econmicroscope.com\/#\/schema\/person\/99a82271a9f08b78de911b1754f5b640"},"headline":"Fragment rodzia\u0142u Wakarowska szko\u0142a ekonomii (z ksi\u0105\u017cki Janusz Gedymin Zieli\u0144ski 1931-1979. Portret ekonomisty)","datePublished":"2023-03-03T14:02:55+00:00","dateModified":"2023-03-03T19:35:08+00:00","mainEntityOfPage":{"@id":"https:\/\/econmicroscope.com\/pl\/fragment-rodzialu-wakarowska-szkola-ekonomii-z-ksiazki-janusz-gedymin-zielinski-1931-1979-portret-ekonomisty\/"},"wordCount":1191,"commentCount":0,"publisher":{"@id":"https:\/\/econmicroscope.com\/#organization"},"inLanguage":"pl-PL","potentialAction":[{"@type":"CommentAction","name":"Comment","target":["https:\/\/econmicroscope.com\/pl\/fragment-rodzialu-wakarowska-szkola-ekonomii-z-ksiazki-janusz-gedymin-zielinski-1931-1979-portret-ekonomisty\/#respond"]}]},{"@type":"WebPage","@id":"https:\/\/econmicroscope.com\/pl\/fragment-rodzialu-wakarowska-szkola-ekonomii-z-ksiazki-janusz-gedymin-zielinski-1931-1979-portret-ekonomisty\/","url":"https:\/\/econmicroscope.com\/pl\/fragment-rodzialu-wakarowska-szkola-ekonomii-z-ksiazki-janusz-gedymin-zielinski-1931-1979-portret-ekonomisty\/","name":"Fragment rodzia\u0142u Wakarowska szko\u0142a ekonomii (z ksi\u0105\u017cki Janusz Gedymin Zieli\u0144ski 1931-1979. Portret ekonomisty) - \u015awiat pod lup\u0105 ekonomii","isPartOf":{"@id":"https:\/\/econmicroscope.com\/#website"},"datePublished":"2023-03-03T14:02:55+00:00","dateModified":"2023-03-03T19:35:08+00:00","description":"J. G. Zieli\u0144ski nale\u017ca\u0142 do wakarowskiej szko\u0142y ekonomii, jedynego polskiego nurtu ekonomicznego, kt\u00f3ry ukaza\u0142 wady centralnego planowania.","breadcrumb":{"@id":"https:\/\/econmicroscope.com\/pl\/fragment-rodzialu-wakarowska-szkola-ekonomii-z-ksiazki-janusz-gedymin-zielinski-1931-1979-portret-ekonomisty\/#breadcrumb"},"inLanguage":"pl-PL","potentialAction":[{"@type":"ReadAction","target":["https:\/\/econmicroscope.com\/pl\/fragment-rodzialu-wakarowska-szkola-ekonomii-z-ksiazki-janusz-gedymin-zielinski-1931-1979-portret-ekonomisty\/"]}]},{"@type":"BreadcrumbList","@id":"https:\/\/econmicroscope.com\/pl\/fragment-rodzialu-wakarowska-szkola-ekonomii-z-ksiazki-janusz-gedymin-zielinski-1931-1979-portret-ekonomisty\/#breadcrumb","itemListElement":[{"@type":"ListItem","position":1,"name":"Strona g\u0142\u00f3wna","item":"https:\/\/econmicroscope.com\/pl\/"},{"@type":"ListItem","position":2,"name":"Fragment rodzia\u0142u Wakarowska szko\u0142a ekonomii (z ksi\u0105\u017cki Janusz Gedymin Zieli\u0144ski 1931-1979. Portret ekonomisty)"}]},{"@type":"WebSite","@id":"https:\/\/econmicroscope.com\/#website","url":"https:\/\/econmicroscope.com\/","name":"\u015awiat pod lup\u0105 ekonomii","description":"","publisher":{"@id":"https:\/\/econmicroscope.com\/#organization"},"potentialAction":[{"@type":"SearchAction","target":{"@type":"EntryPoint","urlTemplate":"https:\/\/econmicroscope.com\/?s={search_term_string}"},"query-input":{"@type":"PropertyValueSpecification","valueRequired":true,"valueName":"search_term_string"}}],"inLanguage":"pl-PL"},{"@type":"Organization","@id":"https:\/\/econmicroscope.com\/#organization","name":"\u015awiat pod lup\u0105 ekonomii","url":"https:\/\/econmicroscope.com\/","logo":{"@type":"ImageObject","inLanguage":"pl-PL","@id":"https:\/\/econmicroscope.com\/#\/schema\/logo\/image\/","url":"https:\/\/econmicroscope.com\/pl\/wp-content\/uploads\/2023\/03\/cropped-ECONMICROSCOPE-RGB-POZIOM-MONO-KONTRA-BORDO-scaled-1.jpg","contentUrl":"https:\/\/econmicroscope.com\/pl\/wp-content\/uploads\/2023\/03\/cropped-ECONMICROSCOPE-RGB-POZIOM-MONO-KONTRA-BORDO-scaled-1.jpg","width":2560,"height":925,"caption":"\u015awiat pod lup\u0105 ekonomii"},"image":{"@id":"https:\/\/econmicroscope.com\/#\/schema\/logo\/image\/"}},{"@type":"Person","@id":"https:\/\/econmicroscope.com\/#\/schema\/person\/99a82271a9f08b78de911b1754f5b640","name":"Ryszard Bartkowiak","image":{"@type":"ImageObject","inLanguage":"pl-PL","@id":"https:\/\/econmicroscope.com\/pl\/wp-content\/wphb-cache\/gravatar\/f91\/f917f955e5f671d2e0efbc47db46ed39x96.jpg","url":"https:\/\/econmicroscope.com\/pl\/wp-content\/wphb-cache\/gravatar\/f91\/f917f955e5f671d2e0efbc47db46ed39x96.jpg","contentUrl":"https:\/\/econmicroscope.com\/pl\/wp-content\/wphb-cache\/gravatar\/f91\/f917f955e5f671d2e0efbc47db46ed39x96.jpg","caption":"Ryszard Bartkowiak"},"url":"https:\/\/econmicroscope.com\/pl\/author\/ryszard-bartkowiak\/"}]}},"_links":{"self":[{"href":"https:\/\/econmicroscope.com\/pl\/wp-json\/wp\/v2\/posts\/174","targetHints":{"allow":["GET"]}}],"collection":[{"href":"https:\/\/econmicroscope.com\/pl\/wp-json\/wp\/v2\/posts"}],"about":[{"href":"https:\/\/econmicroscope.com\/pl\/wp-json\/wp\/v2\/types\/post"}],"author":[{"embeddable":true,"href":"https:\/\/econmicroscope.com\/pl\/wp-json\/wp\/v2\/users\/8"}],"replies":[{"embeddable":true,"href":"https:\/\/econmicroscope.com\/pl\/wp-json\/wp\/v2\/comments?post=174"}],"version-history":[{"count":0,"href":"https:\/\/econmicroscope.com\/pl\/wp-json\/wp\/v2\/posts\/174\/revisions"}],"wp:attachment":[{"href":"https:\/\/econmicroscope.com\/pl\/wp-json\/wp\/v2\/media?parent=174"}],"wp:term":[{"taxonomy":"category","embeddable":true,"href":"https:\/\/econmicroscope.com\/pl\/wp-json\/wp\/v2\/categories?post=174"},{"taxonomy":"post_tag","embeddable":true,"href":"https:\/\/econmicroscope.com\/pl\/wp-json\/wp\/v2\/tags?post=174"}],"curies":[{"name":"wp","href":"https:\/\/api.w.org\/{rel}","templated":true}]}}